{"id":26226,"date":"2025-04-07T12:56:47","date_gmt":"2025-04-07T10:56:47","guid":{"rendered":"https:\/\/www.nota.it\/carmine-torchia-per-leo-ferre-non-ce-piu-niente-block-nota-bn-cd-040\/"},"modified":"2025-10-31T11:07:32","modified_gmt":"2025-10-31T10:07:32","slug":"carmine-torchia-per-leo-ferre-non-ce-piu-niente-block-nota-bn-cd-040","status":"publish","type":"post","link":"https:\/\/www.nota.it\/en\/carmine-torchia-per-leo-ferre-non-ce-piu-niente-block-nota-bn-cd-040\/","title":{"rendered":"Carmine Torchia per Leo Ferr\u00e9 \u2013 Non c\u2019\u00e8 pi\u00f9 niente (Block Nota BN CD 040)"},"content":{"rendered":"<p>by <a href=\"https:\/\/www.musicalnews.com\/2025\/03\/16\/carmine-torchia-per-leo-ferre-non-ce-piu-niente-block-nota-bn-cd-040\/\">Giancarlo Passarella &#8211; Muscalnews.com<\/a><\/p>\n<p>The elegant records by Udine-based <strong>Nota<\/strong> are deluxe, and <strong>Valter Colle<\/strong> deserves sincere congratulations, because every release is important and exciting. <strong>Non c&#8217;\u00e8 pi\u00f9 niente<\/strong> is also a must-have, because it presents L\u00e9o Ferr\u00e9 in thirteen translated songs (some for the first time and under the supervision of Mathieu Ferr\u00e8), performed by <strong>Carmine Torchia<\/strong>. In addition to listening, immerse yourself in reading: in fact, the booklet contains the original lyrics, translations and contributions by <strong>Mathieu Ferr\u00e9, Enrico De Angelis<\/strong> and <strong>Andrea Satta<\/strong>. To enjoy the entire project, let us be guided by the words of <em>L\u00e9o Albert Charles Antoine Ferr\u00e9 (his full name), who passed away at the age of 77 in Castellina in Chianti on 14 July 1993&#8230; You are born alone, you die alone, and in between there are events, events that I hope you will choose, because most of the time, these events are imposed on you, so do everything you can to keep your events to yourself<\/em> (You are born alone, you die alone, between the two, there are events, events that I hope you choose, because most of the time these events are imposed on you, so do everything you can to keep these events to yourself).. <strong>Carmine Torchia<\/strong> offers a sung and recited tribute, made with the heart and enveloped in a deep sense of reverence for the French artist who, at the age of 7, discovered the power of singing (and in fact, in 1925, he joined the choir of Monaco Cathedral as a soprano and discovered polyphony through the works of<strong> Giovanni Pierluigi da Palestrina<\/strong>): in the unmissable Non c&#8217;\u00e8 pi\u00f9 niente, you will have the opportunity to glimpse Leo Ferr\u00e8&#8217;s poetic vein and also the torment (and ecstasy) of some of his compositions. The credit obviously goes to the work done by Calabrian\/Milanese <strong>Carmine Torchia<\/strong>, assisted by a series of high-calibre musicians. In this way, Leo Ferr\u00e9&#8217;s poetry flows luxuriantly, taking on the characteristics of being unique, transgenerational and, above all, international. Through this beautiful project by the Nota label, there is a strong feeling that the French school of authors with Italian blood is still to be discovered: as was the case with<strong> Georges Brassens<\/strong>, this re-evaluation process must also begin for Leo Ferr\u00e9&#8230;<\/p>\n<p><img loading=\"lazy\" decoding=\"async\" class=\"size-medium wp-image-27020 alignleft\" src=\"https:\/\/www.nota.it\/wp-content\/uploads\/2025\/04\/non-ce-piu-niente-carmine-torchia-per-leo-ferre-450x450-1-300x300.jpg\" alt=\"\" width=\"300\" height=\"300\" srcset=\"https:\/\/www.nota.it\/wp-content\/uploads\/2025\/04\/non-ce-piu-niente-carmine-torchia-per-leo-ferre-450x450-1-300x300.jpg 300w, https:\/\/www.nota.it\/wp-content\/uploads\/2025\/04\/non-ce-piu-niente-carmine-torchia-per-leo-ferre-450x450-1-80x80.jpg 80w, https:\/\/www.nota.it\/wp-content\/uploads\/2025\/04\/non-ce-piu-niente-carmine-torchia-per-leo-ferre-450x450-1-36x36.jpg 36w, https:\/\/www.nota.it\/wp-content\/uploads\/2025\/04\/non-ce-piu-niente-carmine-torchia-per-leo-ferre-450x450-1-180x180.jpg 180w, https:\/\/www.nota.it\/wp-content\/uploads\/2025\/04\/non-ce-piu-niente-carmine-torchia-per-leo-ferre-450x450-1-120x120.jpg 120w, https:\/\/www.nota.it\/wp-content\/uploads\/2025\/04\/non-ce-piu-niente-carmine-torchia-per-leo-ferre-450x450-1-100x100.jpg 100w, https:\/\/www.nota.it\/wp-content\/uploads\/2025\/04\/non-ce-piu-niente-carmine-torchia-per-leo-ferre-450x450-1.jpg 450w\" sizes=\"auto, (max-width: 300px) 100vw, 300px\" \/>Tracklist of this album: 1. Alla scuola della poesia (Pr\u00e9face) (Ferr\u00e9-Medail) \/ 2. Gli anarchici (Les anarchistes) (Ferr\u00e9-Medail) \/ 3. Il cattivo seme (La mauvaise graine) (Ferr\u00e9-Torchia) \/ 4. L&#8217;oppressione (L&#8217;oppression) (Ferr\u00e9-Torchia) \/ 5. Muss en sein? Es muss sein! (Ferr\u00e9-Armellini) \/ 6. Memory and the Sea (La m\u00e9moire et la mer) (Ferr\u00e9-Torchia) \/ 7. The Anarchists (theme) (Ferr\u00e9) \/ 8. Hope (L&#8217;espoir) (Ferr\u00e9-Torchia) \/ 9. Thank You Satan (Ferr\u00e9-Torchia) \/ 10. Solitude (La solitude) (Ferr\u00e9-Medail) \/ 11. La Marseillaise (La Marseillaise) (Ferr\u00e9-Torchia) \/ 12. No, thank you (Sans fa\u00e7on) (Ferr\u00e9-Torchia) \/ 13. There is nothing left (Il n\u2019y a plus rien) (Ferr\u00e9-Medail).<\/p>\n<p>Tags<br \/>\n<div  id=\"\"  class='av-catalogue-container \u201cav-nzazwm\u201d-0dfc6455b774ac4840400416b2be6c73  avia-builder-el-0  avia-builder-el-no-sibling  invalid-custom-class-found \u201c\u201d'><ul class='av-catalogue-list'>\n<li><a href=\" https:\/\/www.nota.it\/prodotto\/non-ce-piu-niente\/\"  class='av-catalogue-item av-2vwguf-c28d975dae3f07644d6208dbaa0a1526' ><img decoding=\"async\" width=\"180\" height=\"180\" fetchpriority=\"high\" src=\"https:\/\/www.nota.it\/wp-content\/uploads\/2023\/11\/BN-040-180x180.jpg\" title='BN-040' alt='' class='wp-image-23983 avia-img-lazy-loading-not-23983 av-catalogue-image' srcset=\"https:\/\/www.nota.it\/wp-content\/uploads\/2023\/11\/BN-040-180x180.jpg 180w, https:\/\/www.nota.it\/wp-content\/uploads\/2023\/11\/BN-040-80x80.jpg 80w, https:\/\/www.nota.it\/wp-content\/uploads\/2023\/11\/BN-040-36x36.jpg 36w, https:\/\/www.nota.it\/wp-content\/uploads\/2023\/11\/BN-040-120x120.jpg 120w, https:\/\/www.nota.it\/wp-content\/uploads\/2023\/11\/BN-040-450x450.jpg 450w, https:\/\/www.nota.it\/wp-content\/uploads\/2023\/11\/BN-040-100x100.jpg 100w\" sizes=\"(max-width: 180px) 100vw, 180px\" \/><div class=\"av-catalogue-item-inner\"><div class=\"av-catalogue-title-container\"><div class='av-catalogue-title'>Buy here your Block Nota<\/div><div class='av-catalogue-price'><\/div><\/div><div class=\"av-catalogue-content\">Non c&#8217;\u00e8 pi\u00f9 niente<\/div><\/div><\/a><\/li><\/ul><\/div><\/p>\n","protected":false},"excerpt":{"rendered":"<p>by Giancarlo Passarella &#8211; Muscalnews.com The elegant records by Udine-based Nota are deluxe, and Valter Colle deserves sincere congratulations, because every release is important and exciting. Non c&#8217;\u00e8 pi\u00f9 niente is also a must-have, because it presents L\u00e9o Ferr\u00e9 in thirteen translated songs (some for the first time and under the supervision of Mathieu Ferr\u00e8), [&hellip;]<\/p>\n","protected":false},"author":2,"featured_media":24602,"comment_status":"closed","ping_status":"closed","sticky":false,"template":"","format":"standard","meta":{"footnotes":""},"categories":[1921],"tags":[1932,1933],"class_list":["post-26226","post","type-post","status-publish","format-standard","has-post-thumbnail","hentry","category-reviews","tag-bn-cd-040","tag-non-ce-piu-niente"],"_links":{"self":[{"href":"https:\/\/www.nota.it\/en\/wp-json\/wp\/v2\/posts\/26226","targetHints":{"allow":["GET"]}}],"collection":[{"href":"https:\/\/www.nota.it\/en\/wp-json\/wp\/v2\/posts"}],"about":[{"href":"https:\/\/www.nota.it\/en\/wp-json\/wp\/v2\/types\/post"}],"author":[{"embeddable":true,"href":"https:\/\/www.nota.it\/en\/wp-json\/wp\/v2\/users\/2"}],"replies":[{"embeddable":true,"href":"https:\/\/www.nota.it\/en\/wp-json\/wp\/v2\/comments?post=26226"}],"version-history":[{"count":9,"href":"https:\/\/www.nota.it\/en\/wp-json\/wp\/v2\/posts\/26226\/revisions"}],"predecessor-version":[{"id":27103,"href":"https:\/\/www.nota.it\/en\/wp-json\/wp\/v2\/posts\/26226\/revisions\/27103"}],"wp:featuredmedia":[{"embeddable":true,"href":"https:\/\/www.nota.it\/en\/wp-json\/wp\/v2\/media\/24602"}],"wp:attachment":[{"href":"https:\/\/www.nota.it\/en\/wp-json\/wp\/v2\/media?parent=26226"}],"wp:term":[{"taxonomy":"category","embeddable":true,"href":"https:\/\/www.nota.it\/en\/wp-json\/wp\/v2\/categories?post=26226"},{"taxonomy":"post_tag","embeddable":true,"href":"https:\/\/www.nota.it\/en\/wp-json\/wp\/v2\/tags?post=26226"}],"curies":[{"name":"wp","href":"https:\/\/api.w.org\/{rel}","templated":true}]}}