{"id":26880,"date":"2024-07-03T10:19:35","date_gmt":"2024-07-03T08:19:35","guid":{"rendered":"https:\/\/www.nota.it\/de-andre-un-genovese-mediterraneo-a-napoli\/"},"modified":"2025-10-31T11:14:46","modified_gmt":"2025-10-31T10:14:46","slug":"de-andre-un-genovese-mediterraneo-a-napoli","status":"publish","type":"post","link":"https:\/\/www.nota.it\/en\/de-andre-un-genovese-mediterraneo-a-napoli\/","title":{"rendered":"De Andr\u00e8, un genovese mediterraneo a Napoli"},"content":{"rendered":"<p><em>&#8216;Na strada &#8216;mmiez&#8217;o mare. Naples for Fabrizio De Andr\u00e9 reinterprets Cr\u00eauza de m\u00e4 in Neapolitan<\/em><\/p>\n<p>by <a href=\"https:\/\/www.giornaledellamusica.it\/dischi\/de-andre-un-genovese-mediterraneo-napoli\">Guido Festinese &#8211; giornaledellamusica.it<\/a><\/p>\n<p><img loading=\"lazy\" decoding=\"async\" class=\"wp-image-26960 alignleft\" src=\"https:\/\/www.nota.it\/wp-content\/uploads\/2024\/07\/BN-045-261x300.jpg\" alt=\"\" width=\"174\" height=\"200\" srcset=\"https:\/\/www.nota.it\/wp-content\/uploads\/2024\/07\/BN-045-261x300.jpg 261w, https:\/\/www.nota.it\/wp-content\/uploads\/2024\/07\/BN-045-450x516.jpg 450w, https:\/\/www.nota.it\/wp-content\/uploads\/2024\/07\/BN-045.jpg 610w\" sizes=\"auto, (max-width: 174px) 100vw, 174px\" \/>Various artists.<br \/>\n&#8216;Na strada &#8216;mmiez&#8217;o mare. Naples for Fabrizio De Andr\u00e9<br \/>\nNota Records<br \/>\n2024<br \/>\nWe have been using the term \u2018classic\u2019 to refer to something related to the world of art, or in any case to human ingenuity, for almost two thousand years. In the second century AD, that controversial little word was coined by Aulus Gellius, and the reference was, in fact, \u2018classist\u2019: it was classic and worthy, therefore, of what a \u2018class\u2019 well endowed with wealth and economic presence could afford.<\/p>\n<p>Through various curious twists and turns, the word has come down to us. The meaning closest to our intentions and purposes today (and since Goethe) is that a classic knows how to live comfortably in the present, while not forgetting the past and keeping an eye on the future.<\/p>\n<p>In fact, this is how the works of Shakespeare, Dante, Borges, and Virgil work, innocent inhabitants of different eras. It works the same way in music, and even in popular music, at least the kind that is most receptive to influences that are not popular, or are only partially so: think of Sgt. Pepper by the Beatles, or that disturbing masterpiece, now in its fortieth year, that was and is Cr\u00eauza de M\u00e4.<\/p>\n<p>Now that the austere and reifying museum aura that long haunted De Andr\u00e9 has vanished, as has been well noted by some attentive scholars, we can take stock and make observations, but also talk about the present. Cr\u00eauza de m\u00e4 was truly an unwitting classic, created in the heart of the years of \u2018Reaganite hedonism\u2019 and \u2018Milano da bere\u2019 (Milan to drink), in a stubborn and contrary direction, to quote Faber, or rather, his mentor \u00c1lvaro Mutis.<\/p>\n<p><strong>Cr\u00eauza de m\u00e4 was a turning point, a new beginning, a point launched into the infinity of pop and singer-songwriter music to build a straight line made up of infinite points.<\/strong><\/p>\n<p>It was a turning point, a new beginning, a point launched into the infinity of pop and singer-songwriter music to build a straight line made up of infinite points. Its two limitations, referring to a language that no one understood, an almost invented Genoese dialect, and music that no one knew, a bunch of Mediterranean aromas that were also (almost) invented and that no one in the general public suspected, became strengths.<\/p>\n<p>Here, the discussion could end: because finally, Nota Records is releasing the recording of two memorable evenings held in the courtyard of the Maschio Angioino on September 14 and 15, 2015: &#8216;<strong>Na strada &#8216;mmiez&#8217;omare \/ Napoli per Fabrizio De Andr\u00e9<\/strong>. Cr\u00eauza de m\u00e4 sung and played in its entirety.<\/p>\n<div class='avia-iframe-wrap'><iframe loading=\"lazy\" title=\"Na strada \u2019mmiez\u2019o mare (Cr\u00eauza de m\u00e4)\" width=\"1333\" height=\"1000\" src=\"https:\/\/www.youtube.com\/embed\/jMB6W40194s?feature=oembed\" frameborder=\"0\" allow=\"accelerometer; autoplay; clipboard-write; encrypted-media; gyroscope; picture-in-picture; web-share\" referrerpolicy=\"strict-origin-when-cross-origin\" allowfullscreen><\/iframe><\/div>\n<p>The architect of it all is <strong>Annino La Posta<\/strong>, who oversaw the cultural direction of the project and co-directed it artistically with <strong>Dario Zigiotto<\/strong>. All under the auspices of the Municipality of Naples, Club Tenco, and the De Andr\u00e9 Foundation.<\/p>\n<p>The protagonists, for Faber \/ Pagani, re-sung and re-played, but translated into Neapolitan:<strong> Teresa De Sio, Francesco Di Bella, Gerardo Balestrieri,<\/strong> <strong>Enzo Gragnaniello with<\/strong> <strong>Mimmo Maglionico, Maldestro, Nando Citarella,<\/strong> and <strong>the Nuova Compagnia di Canto Popolare.<\/strong> A fine group of artists: at that moment, a good balance between historical names and emerging talents.<\/p>\n<p>Remarkable, interesting, and in some cases sensational results. And the technical note that &#8216;Na strada &#8216;miezz&#8217;o mare is a translation much closer to the true, literal meaning of <em>Cr\u00eauza de m\u00e4 than one might think.<\/em><\/p>\n<p>Here we return to the \u2018classic\u2019 point: what has become classic allows, welcomes, and relaunches every reinterpretation, mysteriously preserving its unique essence and endlessly relaunching the possibility of multiple, plurivocal, and perfectly legitimate identities. An increase in beauty, not a diminution.<\/p>\n<div  id=\"\"  class='av-catalogue-container \u2018av-nzazwm\u2019-a2489574ff66a190c5de2fd8751eb8c6  avia-builder-el-0  avia-builder-el-no-sibling  invalid-custom-class-found \u2018\u2019'><ul class='av-catalogue-list'>\n<li><a href=\" https:\/\/www.nota.it\/prodotto\/na-strada-miezzo-mare\/\"  class='av-catalogue-item av-2vwguf-25c6ad4e278fecf4c0f843a6742f3d3b' ><img decoding=\"async\" width=\"180\" height=\"180\" fetchpriority=\"high\" src=\"https:\/\/www.nota.it\/wp-content\/uploads\/2024\/05\/BN-045-180x180.jpg\" title='BN-045' alt='' class='wp-image-24497 avia-img-lazy-loading-not-24497 av-catalogue-image' srcset=\"https:\/\/www.nota.it\/wp-content\/uploads\/2024\/05\/BN-045-180x180.jpg 180w, https:\/\/www.nota.it\/wp-content\/uploads\/2024\/05\/BN-045-80x80.jpg 80w, https:\/\/www.nota.it\/wp-content\/uploads\/2024\/05\/BN-045-36x36.jpg 36w, https:\/\/www.nota.it\/wp-content\/uploads\/2024\/05\/BN-045-120x120.jpg 120w, https:\/\/www.nota.it\/wp-content\/uploads\/2024\/05\/BN-045-450x450.jpg 450w, https:\/\/www.nota.it\/wp-content\/uploads\/2024\/05\/BN-045-100x100.jpg 100w\" sizes=\"(max-width: 180px) 100vw, 180px\" \/><div class=\"av-catalogue-item-inner\"><div class=\"av-catalogue-title-container\"><div class='av-catalogue-title'>Buy here your Block Nota<\/div><div class='av-catalogue-price'><\/div><\/div><div class=\"av-catalogue-content\">&#8216;Na strada &#8216;miezz&#8217;o mare<\/div><\/div><\/a><\/li><\/ul><\/div>\n<p>&nbsp;<\/p>\n<p>&nbsp;<\/p>\n","protected":false},"excerpt":{"rendered":"<p>&#8216;Na strada &#8216;mmiez&#8217;o mare. Naples for Fabrizio De Andr\u00e9 reinterprets Cr\u00eauza de m\u00e4 in Neapolitan by Guido Festinese &#8211; giornaledellamusica.it Various artists. &#8216;Na strada &#8216;mmiez&#8217;o mare. Naples for Fabrizio De Andr\u00e9 Nota Records 2024 We have been using the term \u2018classic\u2019 to refer to something related to the world of art, or in any case [&hellip;]<\/p>\n","protected":false},"author":2,"featured_media":24543,"comment_status":"closed","ping_status":"closed","sticky":false,"template":"","format":"standard","meta":{"footnotes":""},"categories":[1921],"tags":[1937,1938],"class_list":["post-26880","post","type-post","status-publish","format-standard","has-post-thumbnail","hentry","category-reviews","tag-bn-cd-045","tag-na-strada-miezz-o-mare"],"_links":{"self":[{"href":"https:\/\/www.nota.it\/en\/wp-json\/wp\/v2\/posts\/26880","targetHints":{"allow":["GET"]}}],"collection":[{"href":"https:\/\/www.nota.it\/en\/wp-json\/wp\/v2\/posts"}],"about":[{"href":"https:\/\/www.nota.it\/en\/wp-json\/wp\/v2\/types\/post"}],"author":[{"embeddable":true,"href":"https:\/\/www.nota.it\/en\/wp-json\/wp\/v2\/users\/2"}],"replies":[{"embeddable":true,"href":"https:\/\/www.nota.it\/en\/wp-json\/wp\/v2\/comments?post=26880"}],"version-history":[{"count":5,"href":"https:\/\/www.nota.it\/en\/wp-json\/wp\/v2\/posts\/26880\/revisions"}],"predecessor-version":[{"id":27029,"href":"https:\/\/www.nota.it\/en\/wp-json\/wp\/v2\/posts\/26880\/revisions\/27029"}],"wp:featuredmedia":[{"embeddable":true,"href":"https:\/\/www.nota.it\/en\/wp-json\/wp\/v2\/media\/24543"}],"wp:attachment":[{"href":"https:\/\/www.nota.it\/en\/wp-json\/wp\/v2\/media?parent=26880"}],"wp:term":[{"taxonomy":"category","embeddable":true,"href":"https:\/\/www.nota.it\/en\/wp-json\/wp\/v2\/categories?post=26880"},{"taxonomy":"post_tag","embeddable":true,"href":"https:\/\/www.nota.it\/en\/wp-json\/wp\/v2\/tags?post=26880"}],"curies":[{"name":"wp","href":"https:\/\/api.w.org\/{rel}","templated":true}]}}